{"id":2847,"date":"2023-04-09T15:52:39","date_gmt":"2023-04-09T13:52:39","guid":{"rendered":"https:\/\/www.kunstloft.de\/magazin\/?p=2847"},"modified":"2023-08-25T12:30:08","modified_gmt":"2023-08-25T12:30:08","slug":"artiste-au-portrait-gustav-klimt","status":"publish","type":"post","link":"https:\/\/fr.kunstloft.ch\/magazine\/artiste-au-portrait-gustav-klimt\/","title":{"rendered":"Portrait d&rsquo;un artiste: Gustav Klimt"},"content":{"rendered":"\t\t<div data-elementor-type=\"wp-post\" data-elementor-id=\"2847\" class=\"elementor elementor-2847\">\n\t\t\t\t\t\t<section class=\"elementor-section elementor-top-section elementor-element elementor-element-c071c3b elementor-section-boxed elementor-section-height-default elementor-section-height-default\" data-id=\"c071c3b\" data-element_type=\"section\" data-e-type=\"section\">\n\t\t\t\t\t\t<div class=\"elementor-container elementor-column-gap-default\">\n\t\t\t\t\t<div class=\"elementor-column elementor-col-50 elementor-top-column elementor-element elementor-element-b2a72b7\" data-id=\"b2a72b7\" data-element_type=\"column\" data-e-type=\"column\">\n\t\t\t<div class=\"elementor-widget-wrap elementor-element-populated\">\n\t\t\t\t\t\t<div class=\"elementor-element elementor-element-3f9f91a elementor-widget elementor-widget-image\" data-id=\"3f9f91a\" data-element_type=\"widget\" data-e-type=\"widget\" data-widget_type=\"image.default\">\n\t\t\t\t<div class=\"elementor-widget-container\">\n\t\t\t\t\t\t\t\t\t\t\t\t\t\t\t<img decoding=\"async\" src=\"https:\/\/www.kunstloft.de\/wordpress\/de_DE\/de\/wp-content\/uploads\/2023\/04\/gustav-klimt-scaled.jpeg\" title=\"\" alt=\"Gustav Klimt portrait\" loading=\"lazy\" \/>\t\t\t\t\t\t\t\t\t\t\t\t\t\t\t<\/div>\n\t\t\t\t<\/div>\n\t\t\t\t\t<\/div>\n\t\t<\/div>\n\t\t\t\t<div class=\"elementor-column elementor-col-50 elementor-top-column elementor-element elementor-element-9b710dd\" data-id=\"9b710dd\" data-element_type=\"column\" data-e-type=\"column\">\n\t\t\t<div class=\"elementor-widget-wrap elementor-element-populated\">\n\t\t\t\t\t\t<div class=\"elementor-element elementor-element-6d370e9 elementor-widget elementor-widget-heading\" data-id=\"6d370e9\" data-element_type=\"widget\" data-e-type=\"widget\" data-widget_type=\"heading.default\">\n\t\t\t\t<div class=\"elementor-widget-container\">\n\t\t\t\t\t<h1 class=\"elementor-heading-title elementor-size-default\">Portrait d'un artiste: Gustav Klimt<\/h1>\t\t\t\t<\/div>\n\t\t\t\t<\/div>\n\t\t\t\t\t<\/div>\n\t\t<\/div>\n\t\t\t\t\t<\/div>\n\t\t<\/section>\n\t\t\t\t<section class=\"elementor-section elementor-top-section elementor-element elementor-element-092963b elementor-section-boxed elementor-section-height-default elementor-section-height-default\" data-id=\"092963b\" data-element_type=\"section\" data-e-type=\"section\">\n\t\t\t\t\t\t<div class=\"elementor-container elementor-column-gap-default\">\n\t\t\t\t\t<div class=\"elementor-column elementor-col-100 elementor-top-column elementor-element elementor-element-06761fc\" data-id=\"06761fc\" data-element_type=\"column\" data-e-type=\"column\">\n\t\t\t<div class=\"elementor-widget-wrap elementor-element-populated\">\n\t\t\t\t\t\t<div class=\"elementor-element elementor-element-c879634 elementor-widget elementor-widget-text-editor\" data-id=\"c879634\" data-element_type=\"widget\" data-e-type=\"widget\" data-widget_type=\"text-editor.default\">\n\t\t\t\t<div class=\"elementor-widget-container\">\n\t\t\t\t\t\t\t\t\t<p><b>Gustav Klimt <\/b>(1862-1918) est un peintre autrichien. Il fut l&rsquo;un des membres les plus en vue de la S\u00e9cession viennoise, un mouvement artistique qui tentait de s&rsquo;affranchir des anciennes approches artistiques et d&rsquo;explorer de nouvelles formes d&rsquo;expression.<\/p>\t\t\t\t\t\t\t\t<\/div>\n\t\t\t\t<\/div>\n\t\t\t\t\t<\/div>\n\t\t<\/div>\n\t\t\t\t\t<\/div>\n\t\t<\/section>\n\t\t\t\t<section class=\"elementor-section elementor-top-section elementor-element elementor-element-4b81ba2 elementor-section-boxed elementor-section-height-default elementor-section-height-default\" data-id=\"4b81ba2\" data-element_type=\"section\" data-e-type=\"section\">\n\t\t\t\t\t\t<div class=\"elementor-container elementor-column-gap-default\">\n\t\t\t\t\t<div class=\"elementor-column elementor-col-100 elementor-top-column elementor-element elementor-element-98b23b5\" data-id=\"98b23b5\" data-element_type=\"column\" data-e-type=\"column\">\n\t\t\t<div class=\"elementor-widget-wrap elementor-element-populated\">\n\t\t\t\t\t\t<div class=\"elementor-element elementor-element-35f0412 elementor-widget elementor-widget-spacer\" data-id=\"35f0412\" data-element_type=\"widget\" data-e-type=\"widget\" data-widget_type=\"spacer.default\">\n\t\t\t\t<div class=\"elementor-widget-container\">\n\t\t\t\t\t\t\t<div class=\"elementor-spacer\">\n\t\t\t<div class=\"elementor-spacer-inner\"><\/div>\n\t\t<\/div>\n\t\t\t\t\t\t<\/div>\n\t\t\t\t<\/div>\n\t\t\t\t\t<\/div>\n\t\t<\/div>\n\t\t\t\t\t<\/div>\n\t\t<\/section>\n\t\t\t\t<section class=\"elementor-section elementor-top-section elementor-element elementor-element-1b207fb elementor-section-boxed elementor-section-height-default elementor-section-height-default\" data-id=\"1b207fb\" data-element_type=\"section\" data-e-type=\"section\">\n\t\t\t\t\t\t<div class=\"elementor-container elementor-column-gap-default\">\n\t\t\t\t\t<div class=\"elementor-column elementor-col-100 elementor-top-column elementor-element elementor-element-4fa8369\" data-id=\"4fa8369\" data-element_type=\"column\" data-e-type=\"column\" data-settings=\"{&quot;background_background&quot;:&quot;gradient&quot;}\">\n\t\t\t<div class=\"elementor-widget-wrap elementor-element-populated\">\n\t\t\t\t\t\t<div class=\"elementor-element elementor-element-58531a5 elementor-widget elementor-widget-heading\" data-id=\"58531a5\" data-element_type=\"widget\" data-e-type=\"widget\" data-widget_type=\"heading.default\">\n\t\t\t\t<div class=\"elementor-widget-container\">\n\t\t\t\t\t<h2 class=\"elementor-heading-title elementor-size-default\">Qui est Gustav Klimt?<\/h2>\t\t\t\t<\/div>\n\t\t\t\t<\/div>\n\t\t\t\t<div class=\"elementor-element elementor-element-74f51fa elementor-widget elementor-widget-text-editor\" data-id=\"74f51fa\" data-element_type=\"widget\" data-e-type=\"widget\" data-widget_type=\"text-editor.default\">\n\t\t\t\t<div class=\"elementor-widget-container\">\n\t\t\t\t\t\t\t\t\t<p><span style=\"background-color: transparent;\">Gustav Klimt est n\u00e9 le 14 juillet 1862 \u00e0 Baumgarten, pr\u00e8s de Vienne. Il \u00e9tait le deuxi\u00e8me d&rsquo;une famille de sept enfants et a grandi dans un milieu modeste. Klimt a re\u00e7u une formation formelle en peinture \u00e0 l&rsquo;\u00e9cole des arts et m\u00e9tiers de Vienne et a montr\u00e9 tr\u00e8s t\u00f4t des talents de dessinateur. Les techniques de peinture classiques et les styles des ma\u00eetres anciens influenc\u00e8rent durablement ses premi\u00e8res \u0153uvres. Inspir\u00e9 par les courants avant-gardistes de son \u00e9poque, comme l&rsquo;Art nouveau et le symbolisme, il commen\u00e7a imm\u00e9diatement \u00e0 exp\u00e9rimenter de nouvelles formes d&rsquo;expression.<\/span><\/p><p>En 1918, quelques ann\u00e9es seulement avant la fin de la Premi\u00e8re Guerre mondiale, la vie de Klimt a \u00e9t\u00e9 tragiquement \u00e9court\u00e9e par une pneumonie. N\u00e9anmoins, ses \u0153uvres \u00e9tonnantes continuent de captiver et d&rsquo;inspirer les amateurs d&rsquo;art du monde entier et font en sorte que son h\u00e9ritage perdure bien apr\u00e8s sa mort.<\/p>\t\t\t\t\t\t\t\t<\/div>\n\t\t\t\t<\/div>\n\t\t\t\t\t<\/div>\n\t\t<\/div>\n\t\t\t\t\t<\/div>\n\t\t<\/section>\n\t\t\t\t<section class=\"elementor-section elementor-top-section elementor-element elementor-element-3ccb1a7 elementor-section-boxed elementor-section-height-default elementor-section-height-default\" data-id=\"3ccb1a7\" data-element_type=\"section\" data-e-type=\"section\">\n\t\t\t\t\t\t<div class=\"elementor-container elementor-column-gap-default\">\n\t\t\t\t\t<div class=\"elementor-column elementor-col-100 elementor-top-column elementor-element elementor-element-22b66f0\" data-id=\"22b66f0\" data-element_type=\"column\" data-e-type=\"column\">\n\t\t\t<div class=\"elementor-widget-wrap elementor-element-populated\">\n\t\t\t\t\t\t<div class=\"elementor-element elementor-element-848c0f3 elementor-widget elementor-widget-spacer\" data-id=\"848c0f3\" data-element_type=\"widget\" data-e-type=\"widget\" data-widget_type=\"spacer.default\">\n\t\t\t\t<div class=\"elementor-widget-container\">\n\t\t\t\t\t\t\t<div class=\"elementor-spacer\">\n\t\t\t<div class=\"elementor-spacer-inner\"><\/div>\n\t\t<\/div>\n\t\t\t\t\t\t<\/div>\n\t\t\t\t<\/div>\n\t\t\t\t\t<\/div>\n\t\t<\/div>\n\t\t\t\t\t<\/div>\n\t\t<\/section>\n\t\t\t\t<section class=\"elementor-section elementor-top-section elementor-element elementor-element-a8be607 elementor-section-boxed elementor-section-height-default elementor-section-height-default\" data-id=\"a8be607\" data-element_type=\"section\" data-e-type=\"section\">\n\t\t\t\t\t\t<div class=\"elementor-container elementor-column-gap-default\">\n\t\t\t\t\t<div class=\"elementor-column elementor-col-100 elementor-top-column elementor-element elementor-element-3c0fd98\" data-id=\"3c0fd98\" data-element_type=\"column\" data-e-type=\"column\">\n\t\t\t<div class=\"elementor-widget-wrap elementor-element-populated\">\n\t\t\t\t\t\t<div class=\"elementor-element elementor-element-ff80690 elementor-widget elementor-widget-heading\" data-id=\"ff80690\" data-element_type=\"widget\" data-e-type=\"widget\" data-widget_type=\"heading.default\">\n\t\t\t\t<div class=\"elementor-widget-container\">\n\t\t\t\t\t<h2 class=\"elementor-heading-title elementor-size-default\">\u0152uvre de Gustav Klimt<\/h2>\t\t\t\t<\/div>\n\t\t\t\t<\/div>\n\t\t\t\t\t<\/div>\n\t\t<\/div>\n\t\t\t\t\t<\/div>\n\t\t<\/section>\n\t\t\t\t<section class=\"elementor-section elementor-top-section elementor-element elementor-element-15ddf65 elementor-section-boxed elementor-section-height-default elementor-section-height-default\" data-id=\"15ddf65\" data-element_type=\"section\" data-e-type=\"section\">\n\t\t\t\t\t\t<div class=\"elementor-container elementor-column-gap-default\">\n\t\t\t\t\t<div class=\"elementor-column elementor-col-100 elementor-top-column elementor-element elementor-element-1438a76\" data-id=\"1438a76\" data-element_type=\"column\" data-e-type=\"column\">\n\t\t\t<div class=\"elementor-widget-wrap elementor-element-populated\">\n\t\t\t\t\t\t<div class=\"elementor-element elementor-element-e2966d5 elementor-widget elementor-widget-text-editor\" data-id=\"e2966d5\" data-element_type=\"widget\" data-e-type=\"widget\" data-widget_type=\"text-editor.default\">\n\t\t\t\t<div class=\"elementor-widget-container\">\n\t\t\t\t\t\t\t\t\t<p>Gustav Klimt \u00e9tait un peintre dont l&rsquo;\u0153uvre se distinguait par un style ornemental et d\u00e9coratif et par l&rsquo;utilisation de couleurs riches et lumineuses. Il \u00e9tait c\u00e9l\u00e8bre pour l&rsquo;utilisation de feuilles d&rsquo;or, de motifs \u00e9labor\u00e9s et de tableaux sensuels repr\u00e9sentant souvent des femmes dans des poses suggestives.<\/p><p>De nombreux critiques ont estim\u00e9 que le style extravagant et ornemental de Klimt \u00e9tait exag\u00e9r\u00e9 et superficiel, ce qui a entra\u00een\u00e9 une controverse sur son \u0153uvre. Depuis, cependant, son utilisation de couleurs vives, de motifs complexes et d&rsquo;images sensuelles a \u00e9t\u00e9 largement reconnue pour sa beaut\u00e9 et son originalit\u00e9. L&rsquo;influence de Klimt se poursuit encore aujourd&rsquo;hui et a influenc\u00e9 des g\u00e9n\u00e9rations d&rsquo;artistes et d&rsquo;amateurs d&rsquo;art.<\/p>\t\t\t\t\t\t\t\t<\/div>\n\t\t\t\t<\/div>\n\t\t\t\t\t<\/div>\n\t\t<\/div>\n\t\t\t\t\t<\/div>\n\t\t<\/section>\n\t\t\t\t<section class=\"elementor-section elementor-top-section elementor-element elementor-element-25d2d24 elementor-section-boxed elementor-section-height-default elementor-section-height-default\" data-id=\"25d2d24\" data-element_type=\"section\" data-e-type=\"section\">\n\t\t\t\t\t\t<div class=\"elementor-container elementor-column-gap-default\">\n\t\t\t\t\t<div class=\"elementor-column elementor-col-100 elementor-top-column elementor-element elementor-element-b9ad11e\" data-id=\"b9ad11e\" data-element_type=\"column\" data-e-type=\"column\">\n\t\t\t<div class=\"elementor-widget-wrap elementor-element-populated\">\n\t\t\t\t\t\t<div class=\"elementor-element elementor-element-b8343f3 elementor-widget elementor-widget-heading\" data-id=\"b8343f3\" data-element_type=\"widget\" data-e-type=\"widget\" data-widget_type=\"heading.default\">\n\t\t\t\t<div class=\"elementor-widget-container\">\n\t\t\t\t\t<h3 class=\"elementor-heading-title elementor-size-default\">Le Baiser<\/h3>\t\t\t\t<\/div>\n\t\t\t\t<\/div>\n\t\t\t\t<div class=\"elementor-element elementor-element-81a2eba elementor-widget elementor-widget-text-editor\" data-id=\"81a2eba\" data-element_type=\"widget\" data-e-type=\"widget\" data-widget_type=\"text-editor.default\">\n\t\t\t\t<div class=\"elementor-widget-container\">\n\t\t\t\t\t\t\t\t\t<p>La magnifique feuille d&rsquo;or d&rsquo;un couple qui s&#8217;embrasse est l&rsquo;une des \u0153uvres les plus connues de Klimt. Les v\u00eatements du couple et l&rsquo;environnement sont d\u00e9cor\u00e9s de motifs et d&rsquo;ornements \u00e9labor\u00e9s. L&rsquo;utilisation de la feuille d&rsquo;or renforce l&rsquo;extravagance et le luxe du tableau et donne un sentiment de majest\u00e9 et de romantisme.<\/p>\t\t\t\t\t\t\t\t<\/div>\n\t\t\t\t<\/div>\n\t\t\t\t\t<\/div>\n\t\t<\/div>\n\t\t\t\t\t<\/div>\n\t\t<\/section>\n\t\t\t\t<section class=\"elementor-section elementor-top-section elementor-element elementor-element-91140f8 elementor-section-boxed elementor-section-height-default elementor-section-height-default\" data-id=\"91140f8\" data-element_type=\"section\" data-e-type=\"section\">\n\t\t\t\t\t\t<div class=\"elementor-container elementor-column-gap-default\">\n\t\t\t\t\t<div class=\"elementor-column elementor-col-33 elementor-top-column elementor-element elementor-element-8443a80\" data-id=\"8443a80\" data-element_type=\"column\" data-e-type=\"column\">\n\t\t\t<div class=\"elementor-widget-wrap elementor-element-populated\">\n\t\t\t\t\t\t<div class=\"elementor-element elementor-element-d393899 elementor-widget elementor-widget-image\" data-id=\"d393899\" data-element_type=\"widget\" data-e-type=\"widget\" data-widget_type=\"image.default\">\n\t\t\t\t<div class=\"elementor-widget-container\">\n\t\t\t\t\t\t\t\t\t\t\t\t\t\t\t\t<a href=\"https:\/\/fr.kunstloft.ch\/19526-impression-sur-toile-gustav-klimt-the-kiss-vertical\/\">\n\t\t\t\t\t\t\t<img decoding=\"async\" src=\"https:\/\/www.kunstloft.de\/wordpress\/de_DE\/de\/wp-content\/uploads\/2023\/04\/art-print-on-canvas-gustav-klimt-the-kiss-vertical.jpg\" title=\"\" alt=\"art print on canvas gustav klimt the kiss vertical\" class=\"elementor-animation-grow\" loading=\"lazy\" \/>\t\t\t\t\t\t\t\t<\/a>\n\t\t\t\t\t\t\t\t\t\t\t\t\t\t\t<\/div>\n\t\t\t\t<\/div>\n\t\t\t\t<div class=\"elementor-element elementor-element-2d9b186 elementor-widget elementor-widget-text-editor\" data-id=\"2d9b186\" data-element_type=\"widget\" data-e-type=\"widget\" data-widget_type=\"text-editor.default\">\n\t\t\t\t<div class=\"elementor-widget-container\">\n\t\t\t\t\t\t\t\t\t<p style=\"text-align: center;\"><span style=\"color: #0bb4aa;\"><b><a href=\"https:\/\/fr.kunstloft.ch\/19526-impression-sur-toile-gustav-klimt-the-kiss-vertical\/\">Impression sur toile<br \/>&lsquo;Gustav Klimt &#8211; The Kiss Vertical&rsquo;<\/a><\/b><\/span><\/p>\t\t\t\t\t\t\t\t<\/div>\n\t\t\t\t<\/div>\n\t\t\t\t\t<\/div>\n\t\t<\/div>\n\t\t\t\t<div class=\"elementor-column elementor-col-33 elementor-top-column elementor-element elementor-element-cefe678\" data-id=\"cefe678\" data-element_type=\"column\" data-e-type=\"column\">\n\t\t\t<div class=\"elementor-widget-wrap elementor-element-populated\">\n\t\t\t\t\t\t<div class=\"elementor-element elementor-element-76bf893 elementor-widget elementor-widget-image\" data-id=\"76bf893\" data-element_type=\"widget\" data-e-type=\"widget\" data-widget_type=\"image.default\">\n\t\t\t\t<div class=\"elementor-widget-container\">\n\t\t\t\t\t\t\t\t\t\t\t\t\t\t\t\t<a href=\"https:\/\/fr.kunstloft.ch\/5333-assiette-murale-porcelaine-heart-to-heart\/\">\n\t\t\t\t\t\t\t<img decoding=\"async\" src=\"https:\/\/www.kunstloft.de\/wordpress\/de_DE\/de\/wp-content\/uploads\/2023\/04\/porcelain-wall-art-heart-to-heart-by-gustav-klimt.jpg\" title=\"\" alt=\"porcelain wall art heart to heart by gustav klimt\" class=\"elementor-animation-grow\" loading=\"lazy\" \/>\t\t\t\t\t\t\t\t<\/a>\n\t\t\t\t\t\t\t\t\t\t\t\t\t\t\t<\/div>\n\t\t\t\t<\/div>\n\t\t\t\t<div class=\"elementor-element elementor-element-3fba2a7 elementor-widget elementor-widget-text-editor\" data-id=\"3fba2a7\" data-element_type=\"widget\" data-e-type=\"widget\" data-widget_type=\"text-editor.default\">\n\t\t\t\t<div class=\"elementor-widget-container\">\n\t\t\t\t\t\t\t\t\t<p style=\"text-align: center;\"><span style=\"color: #0bb4aa;\"><b><a href=\"https:\/\/fr.kunstloft.ch\/5333-assiette-murale-porcelaine-heart-to-heart\/\">Assiette murale en porcelaine<br \/>&lsquo;Heart To Heart&rsquo;<br \/>de Gustav Klimt<\/a><\/b><\/span><\/p>\t\t\t\t\t\t\t\t<\/div>\n\t\t\t\t<\/div>\n\t\t\t\t\t<\/div>\n\t\t<\/div>\n\t\t\t\t<div class=\"elementor-column elementor-col-33 elementor-top-column elementor-element elementor-element-704f51e\" data-id=\"704f51e\" data-element_type=\"column\" data-e-type=\"column\">\n\t\t\t<div class=\"elementor-widget-wrap elementor-element-populated\">\n\t\t\t\t\t\t<div class=\"elementor-element elementor-element-1363754 elementor-widget elementor-widget-image\" data-id=\"1363754\" data-element_type=\"widget\" data-e-type=\"widget\" data-widget_type=\"image.default\">\n\t\t\t\t<div class=\"elementor-widget-container\">\n\t\t\t\t\t\t\t\t\t\t\t\t\t\t\t\t<a href=\"https:\/\/fr.kunstloft.ch\/5217-vase-en-porcelaine-satisfied-longing\/\">\n\t\t\t\t\t\t\t<img decoding=\"async\" src=\"https:\/\/www.kunstloft.de\/wordpress\/de_DE\/de\/wp-content\/uploads\/2023\/04\/porcelain-vase-satisfied-longing-by-gustav-klimt.jpg\" title=\"\" alt=\"porcelain vase satisfied longing by gustav klimt\" class=\"elementor-animation-grow\" loading=\"lazy\" \/>\t\t\t\t\t\t\t\t<\/a>\n\t\t\t\t\t\t\t\t\t\t\t\t\t\t\t<\/div>\n\t\t\t\t<\/div>\n\t\t\t\t<div class=\"elementor-element elementor-element-726b2a9 elementor-widget elementor-widget-text-editor\" data-id=\"726b2a9\" data-element_type=\"widget\" data-e-type=\"widget\" data-widget_type=\"text-editor.default\">\n\t\t\t\t<div class=\"elementor-widget-container\">\n\t\t\t\t\t\t\t\t\t<p style=\"text-align: center;\"><span style=\"color: #0bb4aa;\"><b><a href=\"https:\/\/fr.kunstloft.ch\/5217-vase-en-porcelaine-satisfied-longing\/\">Vase en porcelaine<br \/>&lsquo;Satisfied Longing&rsquo;<br \/>de Gustav Klimt<\/a><\/b><\/span><\/p>\t\t\t\t\t\t\t\t<\/div>\n\t\t\t\t<\/div>\n\t\t\t\t\t<\/div>\n\t\t<\/div>\n\t\t\t\t\t<\/div>\n\t\t<\/section>\n\t\t\t\t<section class=\"elementor-section elementor-top-section elementor-element elementor-element-446cc55 elementor-section-boxed elementor-section-height-default elementor-section-height-default\" data-id=\"446cc55\" data-element_type=\"section\" data-e-type=\"section\">\n\t\t\t\t\t\t<div class=\"elementor-container elementor-column-gap-default\">\n\t\t\t\t\t<div class=\"elementor-column elementor-col-100 elementor-top-column elementor-element elementor-element-11ea46b\" data-id=\"11ea46b\" data-element_type=\"column\" data-e-type=\"column\">\n\t\t\t<div class=\"elementor-widget-wrap elementor-element-populated\">\n\t\t\t\t\t\t<div class=\"elementor-element elementor-element-7ab5c18 elementor-widget elementor-widget-heading\" data-id=\"7ab5c18\" data-element_type=\"widget\" data-e-type=\"widget\" data-widget_type=\"heading.default\">\n\t\t\t\t<div class=\"elementor-widget-container\">\n\t\t\t\t\t<h3 class=\"elementor-heading-title elementor-size-default\">Portrait d'Adele Bloch-Bauer I<\/h3>\t\t\t\t<\/div>\n\t\t\t\t<\/div>\n\t\t\t\t<div class=\"elementor-element elementor-element-b58b5db elementor-widget elementor-widget-text-editor\" data-id=\"b58b5db\" data-element_type=\"widget\" data-e-type=\"widget\" data-widget_type=\"text-editor.default\">\n\t\t\t\t<div class=\"elementor-widget-container\">\n\t\t\t\t\t\t\t\t\t<p>Une autre \u0153uvre importante de Klimt est le portrait d&rsquo;une riche bourgeoise viennoise, qui a fait l&rsquo;objet d&rsquo;une c\u00e9l\u00e8bre querelle de restitution au d\u00e9but des ann\u00e9es 2000. Les v\u00eatements d&rsquo;Adele et le d\u00e9cor qui l&rsquo;entoure sont tr\u00e8s \u00e9labor\u00e9s et ornement\u00e9s, avec des motifs et des ornements complexes. L&rsquo;utilisation de feuilles d&rsquo;or contribue \u00e9galement \u00e0 l&rsquo;extravagance et au luxe du tableau et donne un sentiment de richesse et d&rsquo;autorit\u00e9.<\/p>\t\t\t\t\t\t\t\t<\/div>\n\t\t\t\t<\/div>\n\t\t\t\t\t<\/div>\n\t\t<\/div>\n\t\t\t\t\t<\/div>\n\t\t<\/section>\n\t\t\t\t<section class=\"elementor-section elementor-top-section elementor-element elementor-element-01279c8 elementor-section-boxed elementor-section-height-default elementor-section-height-default\" data-id=\"01279c8\" data-element_type=\"section\" data-e-type=\"section\">\n\t\t\t\t\t\t<div class=\"elementor-container elementor-column-gap-default\">\n\t\t\t\t\t<div class=\"elementor-column elementor-col-33 elementor-top-column elementor-element elementor-element-f18fa10\" data-id=\"f18fa10\" data-element_type=\"column\" data-e-type=\"column\">\n\t\t\t<div class=\"elementor-widget-wrap elementor-element-populated\">\n\t\t\t\t\t\t<div class=\"elementor-element elementor-element-36ed8f0 elementor-widget elementor-widget-image\" data-id=\"36ed8f0\" data-element_type=\"widget\" data-e-type=\"widget\" data-widget_type=\"image.default\">\n\t\t\t\t<div class=\"elementor-widget-container\">\n\t\t\t\t\t\t\t\t\t\t\t\t\t\t\t\t<a href=\"https:\/\/fr.kunstloft.ch\/19528-impression-sur-toile-gustav-klimt-portrait-of-adele-bloch-vertical\/\">\n\t\t\t\t\t\t\t<img decoding=\"async\" src=\"https:\/\/www.kunstloft.de\/wordpress\/de_DE\/de\/wp-content\/uploads\/2023\/04\/art-print-on-canvas-gustav-klimt-portrait-of-adele-bloch-vertical.jpg\" title=\"\" alt=\"art print on canvas gustav klimt portrait of adele bloch vertical\" class=\"elementor-animation-grow\" loading=\"lazy\" \/>\t\t\t\t\t\t\t\t<\/a>\n\t\t\t\t\t\t\t\t\t\t\t\t\t\t\t<\/div>\n\t\t\t\t<\/div>\n\t\t\t\t<div class=\"elementor-element elementor-element-6c4195d elementor-widget elementor-widget-text-editor\" data-id=\"6c4195d\" data-element_type=\"widget\" data-e-type=\"widget\" data-widget_type=\"text-editor.default\">\n\t\t\t\t<div class=\"elementor-widget-container\">\n\t\t\t\t\t\t\t\t\t<p style=\"text-align: center;\"><span style=\"color: #0bb4aa;\"><b><a href=\"https:\/\/fr.kunstloft.ch\/19528-impression-sur-toile-gustav-klimt-portrait-of-adele-bloch-vertical\/\">Impression sur toile<br \/>&lsquo;Gustav Klimt &#8211; Portrait of Adele Bloch Vertical&rsquo;<\/a><\/b><\/span><\/p>\t\t\t\t\t\t\t\t<\/div>\n\t\t\t\t<\/div>\n\t\t\t\t\t<\/div>\n\t\t<\/div>\n\t\t\t\t<div class=\"elementor-column elementor-col-33 elementor-top-column elementor-element elementor-element-46dd699\" data-id=\"46dd699\" data-element_type=\"column\" data-e-type=\"column\">\n\t\t\t<div class=\"elementor-widget-wrap elementor-element-populated\">\n\t\t\t\t\t\t<div class=\"elementor-element elementor-element-2fbef53 elementor-widget elementor-widget-image\" data-id=\"2fbef53\" data-element_type=\"widget\" data-e-type=\"widget\" data-widget_type=\"image.default\">\n\t\t\t\t<div class=\"elementor-widget-container\">\n\t\t\t\t\t\t\t\t\t\t\t\t\t\t\t\t<a href=\"https:\/\/fr.kunstloft.ch\/9012-assiette-murale-porcelaine-lovely-adele\/\">\n\t\t\t\t\t\t\t<img decoding=\"async\" src=\"https:\/\/www.kunstloft.de\/wordpress\/de_DE\/de\/wp-content\/uploads\/2023\/04\/porcelain-wall-art-lovely-adele-by-gustav-klimt.jpg\" title=\"\" alt=\"porcelain wall art lovely adele by gustav klimt\" class=\"elementor-animation-grow\" loading=\"lazy\" \/>\t\t\t\t\t\t\t\t<\/a>\n\t\t\t\t\t\t\t\t\t\t\t\t\t\t\t<\/div>\n\t\t\t\t<\/div>\n\t\t\t\t<div class=\"elementor-element elementor-element-688326f elementor-widget elementor-widget-text-editor\" data-id=\"688326f\" data-element_type=\"widget\" data-e-type=\"widget\" data-widget_type=\"text-editor.default\">\n\t\t\t\t<div class=\"elementor-widget-container\">\n\t\t\t\t\t\t\t\t\t<p style=\"text-align: center;\"><span style=\"color: #0bb4aa;\"><b><a href=\"https:\/\/fr.kunstloft.ch\/9012-assiette-murale-porcelaine-lovely-adele\/\">Assiette murale en porcelaine<br \/>&lsquo;Lovely Adele&rsquo;<br \/>de Gustav Klimt<\/a><\/b><\/span><\/p>\t\t\t\t\t\t\t\t<\/div>\n\t\t\t\t<\/div>\n\t\t\t\t\t<\/div>\n\t\t<\/div>\n\t\t\t\t<div class=\"elementor-column elementor-col-33 elementor-top-column elementor-element elementor-element-bfcffb0\" data-id=\"bfcffb0\" data-element_type=\"column\" data-e-type=\"column\">\n\t\t\t<div class=\"elementor-widget-wrap elementor-element-populated\">\n\t\t\t\t\t\t<div class=\"elementor-element elementor-element-09d2881 elementor-widget elementor-widget-image\" data-id=\"09d2881\" data-element_type=\"widget\" data-e-type=\"widget\" data-widget_type=\"image.default\">\n\t\t\t\t<div class=\"elementor-widget-container\">\n\t\t\t\t\t\t\t\t\t\t\t\t\t\t\t\t<a href=\"https:\/\/fr.kunstloft.ch\/5230-vase-en-porcelaine-mysterious-look\/\">\n\t\t\t\t\t\t\t<img decoding=\"async\" src=\"https:\/\/www.kunstloft.de\/wordpress\/de_DE\/de\/wp-content\/uploads\/2023\/04\/porcelain-vase-mysterious-look-by-gustav-klimt.jpg\" title=\"\" alt=\"porcelain vase mysterious look by gustav klimt\" class=\"elementor-animation-grow\" loading=\"lazy\" \/>\t\t\t\t\t\t\t\t<\/a>\n\t\t\t\t\t\t\t\t\t\t\t\t\t\t\t<\/div>\n\t\t\t\t<\/div>\n\t\t\t\t<div class=\"elementor-element elementor-element-e907752 elementor-widget elementor-widget-text-editor\" data-id=\"e907752\" data-element_type=\"widget\" data-e-type=\"widget\" data-widget_type=\"text-editor.default\">\n\t\t\t\t<div class=\"elementor-widget-container\">\n\t\t\t\t\t\t\t\t\t<p style=\"text-align: center;\"><span style=\"color: #0bb4aa;\"><b><a href=\"https:\/\/fr.kunstloft.ch\/5230-vase-en-porcelaine-mysterious-look\/\">Vase en porcelaine<br \/>&lsquo;Mysterious Look&rsquo;<br \/>de Gustav Klimt<\/a><\/b><\/span><\/p>\t\t\t\t\t\t\t\t<\/div>\n\t\t\t\t<\/div>\n\t\t\t\t\t<\/div>\n\t\t<\/div>\n\t\t\t\t\t<\/div>\n\t\t<\/section>\n\t\t\t\t<section class=\"elementor-section elementor-top-section elementor-element elementor-element-23526e6 elementor-section-boxed elementor-section-height-default elementor-section-height-default\" data-id=\"23526e6\" data-element_type=\"section\" data-e-type=\"section\">\n\t\t\t\t\t\t<div class=\"elementor-container elementor-column-gap-default\">\n\t\t\t\t\t<div class=\"elementor-column elementor-col-100 elementor-top-column elementor-element elementor-element-5f0b87a\" data-id=\"5f0b87a\" data-element_type=\"column\" data-e-type=\"column\">\n\t\t\t<div class=\"elementor-widget-wrap elementor-element-populated\">\n\t\t\t\t\t\t<div class=\"elementor-element elementor-element-c4f73aa elementor-widget elementor-widget-heading\" data-id=\"c4f73aa\" data-element_type=\"widget\" data-e-type=\"widget\" data-widget_type=\"heading.default\">\n\t\t\t\t<div class=\"elementor-widget-container\">\n\t\t\t\t\t<h3 class=\"elementor-heading-title elementor-size-default\">Dana\u00e9<\/h3>\t\t\t\t<\/div>\n\t\t\t\t<\/div>\n\t\t\t\t<div class=\"elementor-element elementor-element-a66f61b elementor-widget elementor-widget-text-editor\" data-id=\"a66f61b\" data-element_type=\"widget\" data-e-type=\"widget\" data-widget_type=\"text-editor.default\">\n\t\t\t\t<div class=\"elementor-widget-container\">\n\t\t\t\t\t\t\t\t\t<p>Klimt a souvent repr\u00e9sent\u00e9 des femmes dans des poses sensuelles et provocantes. Le tableau repr\u00e9sente Dana\u00e9, une femme mortelle enchant\u00e9e par Zeus sous la forme d&rsquo;une pluie d&rsquo;or. L&rsquo;image est richement d\u00e9cor\u00e9e, avec des motifs et des ornements \u00e9labor\u00e9s qui recouvrent la robe de Dana\u00e9 et les alentours. L&rsquo;ajout de feuilles d&rsquo;or ajoute une touche de sensualit\u00e9 et de sexualit\u00e9 et renforce la splendeur et le luxe du tableau.<\/p>\t\t\t\t\t\t\t\t<\/div>\n\t\t\t\t<\/div>\n\t\t\t\t\t<\/div>\n\t\t<\/div>\n\t\t\t\t\t<\/div>\n\t\t<\/section>\n\t\t\t\t<section class=\"elementor-section elementor-top-section elementor-element elementor-element-45a2d9e elementor-section-boxed elementor-section-height-default elementor-section-height-default\" data-id=\"45a2d9e\" data-element_type=\"section\" data-e-type=\"section\">\n\t\t\t\t\t\t<div class=\"elementor-container elementor-column-gap-default\">\n\t\t\t\t\t<div class=\"elementor-column elementor-col-100 elementor-top-column elementor-element elementor-element-0bd53ef\" data-id=\"0bd53ef\" data-element_type=\"column\" data-e-type=\"column\">\n\t\t\t<div class=\"elementor-widget-wrap elementor-element-populated\">\n\t\t\t\t\t\t<div class=\"elementor-element elementor-element-c040d22 elementor-widget elementor-widget-video\" data-id=\"c040d22\" data-element_type=\"widget\" data-e-type=\"widget\" data-settings=\"{&quot;youtube_url&quot;:&quot;https:\\\/\\\/www.youtube.com\\\/watch?v=SNhmSdLDmto&amp;vl=en&quot;,&quot;video_type&quot;:&quot;youtube&quot;,&quot;controls&quot;:&quot;yes&quot;}\" data-widget_type=\"video.default\">\n\t\t\t\t<div class=\"elementor-widget-container\">\n\t\t\t\t\t\t\t<div class=\"elementor-wrapper elementor-open-inline\">\n\t\t\t<div class=\"elementor-video\"><\/div>\t\t<\/div>\n\t\t\t\t\t\t<\/div>\n\t\t\t\t<\/div>\n\t\t\t\t\t<\/div>\n\t\t<\/div>\n\t\t\t\t\t<\/div>\n\t\t<\/section>\n\t\t\t\t<section class=\"elementor-section elementor-top-section elementor-element elementor-element-f7e186e elementor-section-boxed elementor-section-height-default elementor-section-height-default\" data-id=\"f7e186e\" data-element_type=\"section\" data-e-type=\"section\">\n\t\t\t\t\t\t<div class=\"elementor-container elementor-column-gap-default\">\n\t\t\t\t\t<div class=\"elementor-column elementor-col-100 elementor-top-column elementor-element elementor-element-eae42cb\" data-id=\"eae42cb\" data-element_type=\"column\" data-e-type=\"column\">\n\t\t\t<div class=\"elementor-widget-wrap elementor-element-populated\">\n\t\t\t\t\t\t<div class=\"elementor-element elementor-element-a1bf342 elementor-widget elementor-widget-spacer\" data-id=\"a1bf342\" data-element_type=\"widget\" data-e-type=\"widget\" data-widget_type=\"spacer.default\">\n\t\t\t\t<div class=\"elementor-widget-container\">\n\t\t\t\t\t\t\t<div class=\"elementor-spacer\">\n\t\t\t<div class=\"elementor-spacer-inner\"><\/div>\n\t\t<\/div>\n\t\t\t\t\t\t<\/div>\n\t\t\t\t<\/div>\n\t\t\t\t\t<\/div>\n\t\t<\/div>\n\t\t\t\t\t<\/div>\n\t\t<\/section>\n\t\t\t\t<section class=\"elementor-section elementor-top-section elementor-element elementor-element-d322421 elementor-section-boxed elementor-section-height-default elementor-section-height-default\" data-id=\"d322421\" data-element_type=\"section\" data-e-type=\"section\">\n\t\t\t\t\t\t<div class=\"elementor-container elementor-column-gap-default\">\n\t\t\t\t\t<div class=\"elementor-column elementor-col-100 elementor-top-column elementor-element elementor-element-b1ab22c\" data-id=\"b1ab22c\" data-element_type=\"column\" data-e-type=\"column\">\n\t\t\t<div class=\"elementor-widget-wrap elementor-element-populated\">\n\t\t\t\t\t\t<div class=\"elementor-element elementor-element-6fe6c3d elementor-widget elementor-widget-heading\" data-id=\"6fe6c3d\" data-element_type=\"widget\" data-e-type=\"widget\" data-widget_type=\"heading.default\">\n\t\t\t\t<div class=\"elementor-widget-container\">\n\t\t\t\t\t<h2 class=\"elementor-heading-title elementor-size-default\">D\u00e9couvrez d'autres \u0153uvres d'art inspir\u00e9es par Gustav Klimt<\/h2>\t\t\t\t<\/div>\n\t\t\t\t<\/div>\n\t\t\t\t\t<\/div>\n\t\t<\/div>\n\t\t\t\t\t<\/div>\n\t\t<\/section>\n\t\t\t\t<section class=\"elementor-section elementor-top-section elementor-element elementor-element-de981e2 elementor-section-boxed elementor-section-height-default elementor-section-height-default\" data-id=\"de981e2\" data-element_type=\"section\" data-e-type=\"section\">\n\t\t\t\t\t\t<div class=\"elementor-container elementor-column-gap-default\">\n\t\t\t\t\t<div class=\"elementor-column elementor-col-50 elementor-top-column elementor-element elementor-element-8babffb\" data-id=\"8babffb\" data-element_type=\"column\" data-e-type=\"column\">\n\t\t\t<div class=\"elementor-widget-wrap elementor-element-populated\">\n\t\t\t\t\t\t<div class=\"elementor-element elementor-element-2806f37 elementor-widget-tablet__width-initial elementor-widget elementor-widget-image\" data-id=\"2806f37\" data-element_type=\"widget\" data-e-type=\"widget\" data-widget_type=\"image.default\">\n\t\t\t\t<div class=\"elementor-widget-container\">\n\t\t\t\t\t\t\t\t\t\t\t\t\t\t\t\t<a href=\"https:\/\/fr.kunstloft.ch\/5335-horloge-murale-verre-seasonal-times\/\">\n\t\t\t\t\t\t\t<img decoding=\"async\" src=\"https:\/\/www.kunstloft.de\/wordpress\/de_DE\/de\/wp-content\/uploads\/2023\/04\/glass-clock-seasonal-times-by-gustav-klimt.jpg\" title=\"\" alt=\"glass clock seasonal times by gustav klimt\" class=\"elementor-animation-grow\" loading=\"lazy\" \/>\t\t\t\t\t\t\t\t<\/a>\n\t\t\t\t\t\t\t\t\t\t\t\t\t\t\t<\/div>\n\t\t\t\t<\/div>\n\t\t\t\t<div class=\"elementor-element elementor-element-3b12069 elementor-widget elementor-widget-text-editor\" data-id=\"3b12069\" data-element_type=\"widget\" data-e-type=\"widget\" data-widget_type=\"text-editor.default\">\n\t\t\t\t<div class=\"elementor-widget-container\">\n\t\t\t\t\t\t\t\t\t<p style=\"text-align: center;\"><span style=\"color: #0bb4aa;\"><b><a href=\"https:\/\/fr.kunstloft.ch\/5335-horloge-murale-verre-seasonal-times\/\">Horloge murale en verre<br \/>&lsquo;Seasonal Times&rsquo;<\/a><\/b><\/span><\/p>\t\t\t\t\t\t\t\t<\/div>\n\t\t\t\t<\/div>\n\t\t\t\t\t<\/div>\n\t\t<\/div>\n\t\t\t\t<div class=\"elementor-column elementor-col-50 elementor-top-column elementor-element elementor-element-68bd827\" data-id=\"68bd827\" data-element_type=\"column\" data-e-type=\"column\">\n\t\t\t<div class=\"elementor-widget-wrap elementor-element-populated\">\n\t\t\t\t\t\t<div class=\"elementor-element elementor-element-5e3c08e elementor-widget-tablet__width-initial elementor-widget elementor-widget-image\" data-id=\"5e3c08e\" data-element_type=\"widget\" data-e-type=\"widget\" data-widget_type=\"image.default\">\n\t\t\t\t<div class=\"elementor-widget-container\">\n\t\t\t\t\t\t\t\t\t\t\t\t\t\t\t\t<a href=\"https:\/\/fr.kunstloft.ch\/2417-peinture-acrylique-letreinte-apres-klimt\/\">\n\t\t\t\t\t\t\t<img decoding=\"async\" src=\"https:\/\/www.kunstloft.de\/wordpress\/de_DE\/de\/wp-content\/uploads\/2023\/04\/handpainted-painting-the-hug-according-to-klimt.jpg\" title=\"\" alt=\"handpainted painting the hug according to klimt\" class=\"elementor-animation-grow\" loading=\"lazy\" \/>\t\t\t\t\t\t\t\t<\/a>\n\t\t\t\t\t\t\t\t\t\t\t\t\t\t\t<\/div>\n\t\t\t\t<\/div>\n\t\t\t\t<div class=\"elementor-element elementor-element-00d0efd elementor-widget elementor-widget-text-editor\" data-id=\"00d0efd\" data-element_type=\"widget\" data-e-type=\"widget\" data-widget_type=\"text-editor.default\">\n\t\t\t\t<div class=\"elementor-widget-container\">\n\t\t\t\t\t\t\t\t\t<p style=\"text-align: center;\"><span style=\"color: #0bb4aa;\"><b><a href=\"https:\/\/fr.kunstloft.ch\/2417-peinture-acrylique-letreinte-apres-klimt\/\">Tableau peint \u00e0 la main<br \/>&lsquo;L&rsquo;\u00e9treinte apr\u00e8s Klimt&rsquo;<\/a><\/b><\/span><\/p>\t\t\t\t\t\t\t\t<\/div>\n\t\t\t\t<\/div>\n\t\t\t\t\t<\/div>\n\t\t<\/div>\n\t\t\t\t\t<\/div>\n\t\t<\/section>\n\t\t\t\t<section class=\"elementor-section elementor-top-section elementor-element elementor-element-313bab7 elementor-section-boxed elementor-section-height-default elementor-section-height-default\" data-id=\"313bab7\" data-element_type=\"section\" data-e-type=\"section\">\n\t\t\t\t\t\t<div class=\"elementor-container elementor-column-gap-default\">\n\t\t\t\t\t<div class=\"elementor-column elementor-col-50 elementor-top-column elementor-element elementor-element-69f730e\" data-id=\"69f730e\" data-element_type=\"column\" data-e-type=\"column\">\n\t\t\t<div class=\"elementor-widget-wrap elementor-element-populated\">\n\t\t\t\t\t\t<div class=\"elementor-element elementor-element-c602b17 elementor-widget elementor-widget-image\" data-id=\"c602b17\" data-element_type=\"widget\" data-e-type=\"widget\" data-widget_type=\"image.default\">\n\t\t\t\t<div class=\"elementor-widget-container\">\n\t\t\t\t\t\t\t\t\t\t\t\t\t\t\t\t<a href=\"https:\/\/fr.kunstloft.ch\/12237-figurine-porcelaine-everlasting-love\/\">\n\t\t\t\t\t\t\t<img decoding=\"async\" src=\"https:\/\/www.kunstloft.de\/wordpress\/de_DE\/de\/wp-content\/uploads\/2023\/04\/porcelain-figure-everlasting-love-by-gustav-klimt.jpg\" title=\"\" alt=\"porcelain figure everlasting love by gustav klimt\" class=\"elementor-animation-grow\" loading=\"lazy\" \/>\t\t\t\t\t\t\t\t<\/a>\n\t\t\t\t\t\t\t\t\t\t\t\t\t\t\t<\/div>\n\t\t\t\t<\/div>\n\t\t\t\t<div class=\"elementor-element elementor-element-f1948f3 elementor-widget elementor-widget-text-editor\" data-id=\"f1948f3\" data-element_type=\"widget\" data-e-type=\"widget\" data-widget_type=\"text-editor.default\">\n\t\t\t\t<div class=\"elementor-widget-container\">\n\t\t\t\t\t\t\t\t\t<p style=\"text-align: center;\"><span style=\"color: #0bb4aa;\"><b><a href=\"https:\/\/fr.kunstloft.ch\/12237-figurine-porcelaine-everlasting-love\/\">Figurine porcelaine<br \/>&lsquo;Everlasting Love&rsquo;<br \/>de Gustav Klimt<\/a><\/b><\/span><\/p>\t\t\t\t\t\t\t\t<\/div>\n\t\t\t\t<\/div>\n\t\t\t\t\t<\/div>\n\t\t<\/div>\n\t\t\t\t<div class=\"elementor-column elementor-col-50 elementor-top-column elementor-element elementor-element-18336e8\" data-id=\"18336e8\" data-element_type=\"column\" data-e-type=\"column\">\n\t\t\t<div class=\"elementor-widget-wrap elementor-element-populated\">\n\t\t\t\t\t\t<div class=\"elementor-element elementor-element-8bb2b2c elementor-widget-tablet__width-initial elementor-widget elementor-widget-image\" data-id=\"8bb2b2c\" data-element_type=\"widget\" data-e-type=\"widget\" data-widget_type=\"image.default\">\n\t\t\t\t<div class=\"elementor-widget-container\">\n\t\t\t\t\t\t\t\t\t\t\t\t\t\t\t\t<a href=\"https:\/\/fr.kunstloft.ch\/9013-assiette-murale-porcelaine-pure-happiness\/\">\n\t\t\t\t\t\t\t<img decoding=\"async\" src=\"https:\/\/www.kunstloft.de\/wordpress\/de_DE\/de\/wp-content\/uploads\/2023\/04\/porcelain-wall-art-pure-happiness-by-gustav-klimt.jpg\" title=\"\" alt=\"porcelain wall art pure happiness by gustav klimt\" class=\"elementor-animation-grow\" loading=\"lazy\" \/>\t\t\t\t\t\t\t\t<\/a>\n\t\t\t\t\t\t\t\t\t\t\t\t\t\t\t<\/div>\n\t\t\t\t<\/div>\n\t\t\t\t<div class=\"elementor-element elementor-element-ac0e264 elementor-widget elementor-widget-text-editor\" data-id=\"ac0e264\" data-element_type=\"widget\" data-e-type=\"widget\" data-widget_type=\"text-editor.default\">\n\t\t\t\t<div class=\"elementor-widget-container\">\n\t\t\t\t\t\t\t\t\t<p style=\"text-align: center;\"><span style=\"color: #0bb4aa;\"><b><a href=\"https:\/\/fr.kunstloft.ch\/9013-assiette-murale-porcelaine-pure-happiness\/\">Assiette murale en porcelaine<br \/>&lsquo;Pure Happiness&rsquo;<br \/>de Gustav Klimt<\/a><\/b><\/span><\/p>\t\t\t\t\t\t\t\t<\/div>\n\t\t\t\t<\/div>\n\t\t\t\t\t<\/div>\n\t\t<\/div>\n\t\t\t\t\t<\/div>\n\t\t<\/section>\n\t\t\t\t<section class=\"elementor-section elementor-top-section elementor-element elementor-element-ec20b2a elementor-section-boxed elementor-section-height-default elementor-section-height-default\" data-id=\"ec20b2a\" data-element_type=\"section\" data-e-type=\"section\">\n\t\t\t\t\t\t<div class=\"elementor-container elementor-column-gap-default\">\n\t\t\t\t\t<div class=\"elementor-column elementor-col-100 elementor-top-column elementor-element elementor-element-5230803\" data-id=\"5230803\" data-element_type=\"column\" data-e-type=\"column\">\n\t\t\t<div class=\"elementor-widget-wrap elementor-element-populated\">\n\t\t\t\t\t\t<div class=\"elementor-element elementor-element-cae94e6 elementor-widget elementor-widget-spacer\" data-id=\"cae94e6\" data-element_type=\"widget\" data-e-type=\"widget\" data-widget_type=\"spacer.default\">\n\t\t\t\t<div class=\"elementor-widget-container\">\n\t\t\t\t\t\t\t<div class=\"elementor-spacer\">\n\t\t\t<div class=\"elementor-spacer-inner\"><\/div>\n\t\t<\/div>\n\t\t\t\t\t\t<\/div>\n\t\t\t\t<\/div>\n\t\t\t\t\t<\/div>\n\t\t<\/div>\n\t\t\t\t\t<\/div>\n\t\t<\/section>\n\t\t\t\t<section class=\"elementor-section elementor-top-section elementor-element elementor-element-cf27a6b elementor-section-boxed elementor-section-height-default elementor-section-height-default\" data-id=\"cf27a6b\" data-element_type=\"section\" data-e-type=\"section\">\n\t\t\t\t\t\t<div class=\"elementor-container elementor-column-gap-default\">\n\t\t\t\t\t<div class=\"elementor-column elementor-col-100 elementor-top-column elementor-element elementor-element-259a8a6\" data-id=\"259a8a6\" data-element_type=\"column\" data-e-type=\"column\" data-settings=\"{&quot;background_background&quot;:&quot;classic&quot;}\">\n\t\t\t<div class=\"elementor-widget-wrap elementor-element-populated\">\n\t\t\t\t\t\t<div class=\"elementor-element elementor-element-66322d7 elementor-widget elementor-widget-text-editor\" data-id=\"66322d7\" data-element_type=\"widget\" data-e-type=\"widget\" data-widget_type=\"text-editor.default\">\n\t\t\t\t<div class=\"elementor-widget-container\">\n\t\t\t\t\t\t\t\t\t<p><b>Cr\u00e9dits d&rsquo;image<\/b><span style=\"font-weight: bold;\"><span style=\"vertical-align: inherit;\"><span style=\"vertical-align: inherit;\"><span style=\"vertical-align: inherit;\"><span style=\"vertical-align: inherit;\"><span style=\"vertical-align: inherit;\"><span style=\"vertical-align: inherit;\"><span style=\"vertical-align: inherit;\"><span style=\"vertical-align: inherit;\"><span style=\"vertical-align: inherit;\"><span style=\"vertical-align: inherit;\"><span style=\"vertical-align: inherit;\"><span style=\"vertical-align: inherit;\"><span style=\"vertical-align: inherit;\"><span style=\"vertical-align: inherit;\"><span style=\"vertical-align: inherit;\"><span style=\"vertical-align: inherit;\"><span style=\"vertical-align: inherit;\"><span style=\"vertical-align: inherit;\"><span style=\"vertical-align: inherit;\"><span style=\"vertical-align: inherit;\"><span style=\"vertical-align: inherit;\"><span style=\"vertical-align: inherit;\"><span style=\"vertical-align: inherit;\"><span style=\"vertical-align: inherit;\"><span style=\"vertical-align: inherit;\"><span style=\"vertical-align: inherit;\"><span style=\"vertical-align: inherit;\"><span style=\"vertical-align: inherit;\"><span style=\"vertical-align: inherit;\"><span style=\"vertical-align: inherit;\"><span style=\"vertical-align: inherit;\"><span style=\"vertical-align: inherit;\"><span style=\"vertical-align: inherit;\"><span style=\"vertical-align: inherit;\"><span style=\"vertical-align: inherit;\"><span style=\"vertical-align: inherit;\">:\u00a0<\/span><\/span><\/span><\/span><\/span><\/span><\/span><\/span><\/span><\/span><\/span><\/span><\/span><\/span><\/span><\/span><\/span><\/span><\/span><\/span><\/span><\/span><\/span><\/span><\/span><\/span><\/span><\/span><\/span><\/span><\/span><\/span><\/span><\/span><\/span><\/span><\/span><span style=\"vertical-align: inherit;\"><span style=\"vertical-align: inherit;\"><span style=\"vertical-align: inherit;\"><span style=\"vertical-align: inherit;\"><span style=\"vertical-align: inherit;\"><span style=\"vertical-align: inherit;\"><span style=\"vertical-align: inherit;\"><span style=\"vertical-align: inherit;\"><span style=\"vertical-align: inherit;\"><span style=\"vertical-align: inherit;\"><span style=\"vertical-align: inherit;\"><span style=\"vertical-align: inherit;\"><span style=\"vertical-align: inherit;\"><span style=\"vertical-align: inherit;\"><span style=\"vertical-align: inherit;\"><span style=\"vertical-align: inherit;\"><span style=\"vertical-align: inherit;\"><span style=\"vertical-align: inherit;\"><span style=\"vertical-align: inherit;\"><span style=\"vertical-align: inherit;\"><span style=\"vertical-align: inherit;\"><span style=\"vertical-align: inherit;\"><span style=\"vertical-align: inherit;\"><span style=\"vertical-align: inherit;\"><span style=\"vertical-align: inherit;\"><span style=\"vertical-align: inherit;\"><span style=\"vertical-align: inherit;\"><span style=\"vertical-align: inherit;\"><span style=\"vertical-align: inherit;\"><span style=\"vertical-align: inherit;\"><span style=\"vertical-align: inherit;\"><span style=\"vertical-align: inherit;\"><span style=\"vertical-align: inherit;\"><span style=\"vertical-align: inherit;\"><span style=\"vertical-align: inherit;\"><span style=\"vertical-align: inherit;\"><span style=\"vertical-align: inherit;\"><span style=\"vertical-align: inherit;\">\u00a0\u00a9 GiorgioMorara \u2013 Adobe Stock;\u00a0<\/span><\/span><\/span><\/span><\/span><\/span><\/span><\/span><\/span><\/span><\/span><\/span><\/span><\/span><\/span><\/span><\/span><\/span><\/span><\/span><\/span><\/span><\/span><\/span><\/span><\/span><\/span><\/span><\/span><\/span><\/span><\/span><\/span><\/span><\/span><\/span><\/span><span style=\"vertical-align: inherit;\"><span style=\"vertical-align: inherit;\"><span style=\"vertical-align: inherit;\"><span style=\"vertical-align: inherit;\"><span style=\"vertical-align: inherit;\"><span style=\"vertical-align: inherit;\"><span style=\"vertical-align: inherit;\"><span style=\"vertical-align: inherit;\"><span style=\"vertical-align: inherit;\"><span style=\"vertical-align: inherit;\"><span style=\"vertical-align: inherit;\"><span style=\"vertical-align: inherit;\"><span style=\"vertical-align: inherit;\"><span style=\"vertical-align: inherit;\"><span style=\"vertical-align: inherit;\"><span style=\"vertical-align: inherit;\"><span style=\"vertical-align: inherit;\"><span style=\"vertical-align: inherit;\"><span style=\"vertical-align: inherit;\"><span style=\"vertical-align: inherit;\"><span style=\"vertical-align: inherit;\"><span style=\"vertical-align: inherit;\"><span style=\"vertical-align: inherit;\"><span style=\"vertical-align: inherit;\"><span style=\"vertical-align: inherit;\"><span style=\"vertical-align: inherit;\"><span style=\"vertical-align: inherit;\"><span style=\"vertical-align: inherit;\"><span style=\"vertical-align: inherit;\"><span style=\"vertical-align: inherit;\"><span style=\"vertical-align: inherit;\"><span style=\"vertical-align: inherit;\"><span style=\"vertical-align: inherit;\"><span style=\"vertical-align: inherit;\"><span style=\"vertical-align: inherit;\"><span style=\"vertical-align: inherit;\"><span style=\"vertical-align: inherit;\">\u00a9 little_rat &#8211; Adobe Stock;\u00a0<\/span><\/span><\/span><\/span><\/span><\/span><\/span><\/span><\/span><\/span><\/span><\/span><\/span><\/span><\/span><\/span><\/span><\/span><\/span><\/span><\/span><\/span><\/span><\/span><\/span><\/span><\/span><\/span><\/span><\/span><\/span><\/span><\/span><\/span><\/span><\/span><\/span><\/span>\u00a9 KunstLoft<\/p>\t\t\t\t\t\t\t\t<\/div>\n\t\t\t\t<\/div>\n\t\t\t\t\t<\/div>\n\t\t<\/div>\n\t\t\t\t\t<\/div>\n\t\t<\/section>\n\t\t\t\t<\/div>\n\t\t","protected":false},"excerpt":{"rendered":"<p>Gustav Klimt (1862-1918) est un peintre autrichien. Il fut l&rsquo;un des membres les plus en vue de la S\u00e9cession viennoise, un mouvement artistique qui tentait de s&rsquo;affranchir des anciennes approches artistiques et d&rsquo;explorer de nouvelles formes d&rsquo;expression.<\/p>\n","protected":false},"author":2,"featured_media":5698,"comment_status":"closed","ping_status":"closed","sticky":false,"template":"","format":"standard","meta":{"footnotes":""},"categories":[1],"tags":[],"class_list":["post-2847","post","type-post","status-publish","format-standard","has-post-thumbnail","hentry","category-artiste"],"yoast_head":"<!-- This site is optimized with the Yoast SEO plugin v27.2 - https:\/\/yoast.com\/product\/yoast-seo-wordpress\/ -->\n<title>Portrait d&#039;un artiste: Gustav Klimt - KUNSTLOFT<\/title>\n<meta name=\"description\" content=\"Apprenez-en plus sur la vie fascinante de Gustav Klimt et ses \u0153uvres \u00e9poustouflantes dans cette biographie compl\u00e8te sur Klimt.\" \/>\n<meta name=\"robots\" content=\"index, follow, max-snippet:-1, max-image-preview:large, max-video-preview:-1\" \/>\n<link rel=\"canonical\" href=\"https:\/\/fr.kunstloft.ch\/magazine\/artiste-au-portrait-gustav-klimt\/\" \/>\n<meta property=\"og:locale\" content=\"fr_FR\" \/>\n<meta property=\"og:type\" content=\"article\" \/>\n<meta property=\"og:title\" content=\"Portrait d&#039;un artiste: Gustav Klimt - KUNSTLOFT\" \/>\n<meta property=\"og:description\" content=\"Apprenez-en plus sur la vie fascinante de Gustav Klimt et ses \u0153uvres \u00e9poustouflantes dans cette biographie compl\u00e8te sur Klimt.\" \/>\n<meta property=\"og:url\" content=\"https:\/\/fr.kunstloft.ch\/magazine\/artiste-au-portrait-gustav-klimt\/\" \/>\n<meta property=\"og:site_name\" content=\"KUNSTLOFT\" \/>\n<meta property=\"article:publisher\" content=\"https:\/\/www.facebook.com\/kunstloft.fr\/\" \/>\n<meta property=\"article:published_time\" content=\"2023-04-09T13:52:39+00:00\" \/>\n<meta property=\"article:modified_time\" content=\"2023-08-25T12:30:08+00:00\" \/>\n<meta property=\"og:image\" content=\"https:\/\/fr.kunstloft.ch\/magazine\/wp-content\/uploads\/2023\/07\/gustav-klimt-the-kiss-scaled-1-1020x1024.jpeg\" \/>\n\t<meta property=\"og:image:width\" content=\"1020\" \/>\n\t<meta property=\"og:image:height\" content=\"1024\" \/>\n\t<meta property=\"og:image:type\" content=\"image\/jpeg\" \/>\n<meta name=\"author\" content=\"Ian\" \/>\n<meta name=\"twitter:card\" content=\"summary_large_image\" \/>\n<meta name=\"twitter:label1\" content=\"\u00c9crit par\" \/>\n\t<meta name=\"twitter:data1\" content=\"Ian\" \/>\n\t<meta name=\"twitter:label2\" content=\"Dur\u00e9e de lecture estim\u00e9e\" \/>\n\t<meta name=\"twitter:data2\" content=\"5 minutes\" \/>\n<script type=\"application\/ld+json\" class=\"yoast-schema-graph\">{\"@context\":\"https:\/\/schema.org\",\"@graph\":[{\"@type\":\"Article\",\"@id\":\"https:\/\/fr.kunstloft.ch\/magazine\/artiste-au-portrait-gustav-klimt\/#article\",\"isPartOf\":{\"@id\":\"https:\/\/fr.kunstloft.ch\/magazine\/artiste-au-portrait-gustav-klimt\/\"},\"author\":{\"name\":\"Ian\",\"@id\":\"https:\/\/fr.kunstloft.ch\/magazine\/#\/schema\/person\/bf242d6f5a840f2d7f90a5f1ec93fe12\"},\"headline\":\"Portrait d&rsquo;un artiste: Gustav Klimt\",\"datePublished\":\"2023-04-09T13:52:39+00:00\",\"dateModified\":\"2023-08-25T12:30:08+00:00\",\"mainEntityOfPage\":{\"@id\":\"https:\/\/fr.kunstloft.ch\/magazine\/artiste-au-portrait-gustav-klimt\/\"},\"wordCount\":715,\"publisher\":{\"@id\":\"https:\/\/fr.kunstloft.ch\/magazine\/#organization\"},\"image\":{\"@id\":\"https:\/\/fr.kunstloft.ch\/magazine\/artiste-au-portrait-gustav-klimt\/#primaryimage\"},\"thumbnailUrl\":\"https:\/\/fr.kunstloft.ch\/magazine\/wp-content\/uploads\/2023\/07\/gustav-klimt-the-kiss-scaled-1.jpeg\",\"articleSection\":[\"Artiste\"],\"inLanguage\":\"fr-FR\"},{\"@type\":\"WebPage\",\"@id\":\"https:\/\/fr.kunstloft.ch\/magazine\/artiste-au-portrait-gustav-klimt\/\",\"url\":\"https:\/\/fr.kunstloft.ch\/magazine\/artiste-au-portrait-gustav-klimt\/\",\"name\":\"Portrait d'un artiste: Gustav Klimt - KUNSTLOFT\",\"isPartOf\":{\"@id\":\"https:\/\/fr.kunstloft.ch\/magazine\/#website\"},\"primaryImageOfPage\":{\"@id\":\"https:\/\/fr.kunstloft.ch\/magazine\/artiste-au-portrait-gustav-klimt\/#primaryimage\"},\"image\":{\"@id\":\"https:\/\/fr.kunstloft.ch\/magazine\/artiste-au-portrait-gustav-klimt\/#primaryimage\"},\"thumbnailUrl\":\"https:\/\/fr.kunstloft.ch\/magazine\/wp-content\/uploads\/2023\/07\/gustav-klimt-the-kiss-scaled-1.jpeg\",\"datePublished\":\"2023-04-09T13:52:39+00:00\",\"dateModified\":\"2023-08-25T12:30:08+00:00\",\"description\":\"Apprenez-en plus sur la vie fascinante de Gustav Klimt et ses \u0153uvres \u00e9poustouflantes dans cette biographie compl\u00e8te sur Klimt.\",\"breadcrumb\":{\"@id\":\"https:\/\/fr.kunstloft.ch\/magazine\/artiste-au-portrait-gustav-klimt\/#breadcrumb\"},\"inLanguage\":\"fr-FR\",\"potentialAction\":[{\"@type\":\"ReadAction\",\"target\":[\"https:\/\/fr.kunstloft.ch\/magazine\/artiste-au-portrait-gustav-klimt\/\"]}]},{\"@type\":\"ImageObject\",\"inLanguage\":\"fr-FR\",\"@id\":\"https:\/\/fr.kunstloft.ch\/magazine\/artiste-au-portrait-gustav-klimt\/#primaryimage\",\"url\":\"https:\/\/fr.kunstloft.ch\/magazine\/wp-content\/uploads\/2023\/07\/gustav-klimt-the-kiss-scaled-1.jpeg\",\"contentUrl\":\"https:\/\/fr.kunstloft.ch\/magazine\/wp-content\/uploads\/2023\/07\/gustav-klimt-the-kiss-scaled-1.jpeg\",\"width\":2551,\"height\":2560,\"caption\":\"Gustav Klimt (1862\u20131918) The Kiss, 1908, oil and gold on canvas. Autrian Gallery Belvedere, Vienna, Austria.\"},{\"@type\":\"BreadcrumbList\",\"@id\":\"https:\/\/fr.kunstloft.ch\/magazine\/artiste-au-portrait-gustav-klimt\/#breadcrumb\",\"itemListElement\":[{\"@type\":\"ListItem\",\"position\":1,\"name\":\"Home\",\"item\":\"https:\/\/fr.kunstloft.ch\/magazine\/\"},{\"@type\":\"ListItem\",\"position\":2,\"name\":\"Portrait d&rsquo;un artiste: Gustav Klimt\"}]},{\"@type\":\"WebSite\",\"@id\":\"https:\/\/fr.kunstloft.ch\/magazine\/#website\",\"url\":\"https:\/\/fr.kunstloft.ch\/magazine\/\",\"name\":\"KUNSTLOFT\",\"description\":\"Magazine\",\"publisher\":{\"@id\":\"https:\/\/fr.kunstloft.ch\/magazine\/#organization\"},\"potentialAction\":[{\"@type\":\"SearchAction\",\"target\":{\"@type\":\"EntryPoint\",\"urlTemplate\":\"https:\/\/fr.kunstloft.ch\/magazine\/?s={search_term_string}\"},\"query-input\":{\"@type\":\"PropertyValueSpecification\",\"valueRequired\":true,\"valueName\":\"search_term_string\"}}],\"inLanguage\":\"fr-FR\"},{\"@type\":\"Organization\",\"@id\":\"https:\/\/fr.kunstloft.ch\/magazine\/#organization\",\"name\":\"KUNSTLOFT\",\"url\":\"https:\/\/fr.kunstloft.ch\/magazine\/\",\"logo\":{\"@type\":\"ImageObject\",\"inLanguage\":\"fr-FR\",\"@id\":\"https:\/\/fr.kunstloft.ch\/magazine\/#\/schema\/logo\/image\/\",\"url\":\"https:\/\/fr.kunstloft.ch\/wordpress\/fr_FR\/ch\/wp-content\/uploads\/2023\/06\/Logo-Kunstloft-377x377-1.png\",\"contentUrl\":\"https:\/\/fr.kunstloft.ch\/wordpress\/fr_FR\/ch\/wp-content\/uploads\/2023\/06\/Logo-Kunstloft-377x377-1.png\",\"width\":377,\"height\":377,\"caption\":\"KUNSTLOFT\"},\"image\":{\"@id\":\"https:\/\/fr.kunstloft.ch\/magazine\/#\/schema\/logo\/image\/\"},\"sameAs\":[\"https:\/\/www.facebook.com\/kunstloft.fr\/\",\"https:\/\/www.instagram.com\/kunstloft\/\"]},{\"@type\":\"Person\",\"@id\":\"https:\/\/fr.kunstloft.ch\/magazine\/#\/schema\/person\/bf242d6f5a840f2d7f90a5f1ec93fe12\",\"name\":\"Ian\",\"image\":{\"@type\":\"ImageObject\",\"inLanguage\":\"fr-FR\",\"@id\":\"https:\/\/secure.gravatar.com\/avatar\/72ebd28f1b7e4418a16e686eba4f9a0eda1604015895f5e6f93962646a336425?s=96&d=mm&r=g\",\"url\":\"https:\/\/secure.gravatar.com\/avatar\/72ebd28f1b7e4418a16e686eba4f9a0eda1604015895f5e6f93962646a336425?s=96&d=mm&r=g\",\"contentUrl\":\"https:\/\/secure.gravatar.com\/avatar\/72ebd28f1b7e4418a16e686eba4f9a0eda1604015895f5e6f93962646a336425?s=96&d=mm&r=g\",\"caption\":\"Ian\"},\"url\":\"https:\/\/fr.kunstloft.ch\/magazine\/author\/ianc\/\"}]}<\/script>\n<!-- \/ Yoast SEO plugin. -->","yoast_head_json":{"title":"Portrait d'un artiste: Gustav Klimt - KUNSTLOFT","description":"Apprenez-en plus sur la vie fascinante de Gustav Klimt et ses \u0153uvres \u00e9poustouflantes dans cette biographie compl\u00e8te sur Klimt.","robots":{"index":"index","follow":"follow","max-snippet":"max-snippet:-1","max-image-preview":"max-image-preview:large","max-video-preview":"max-video-preview:-1"},"canonical":"https:\/\/fr.kunstloft.ch\/magazine\/artiste-au-portrait-gustav-klimt\/","og_locale":"fr_FR","og_type":"article","og_title":"Portrait d'un artiste: Gustav Klimt - KUNSTLOFT","og_description":"Apprenez-en plus sur la vie fascinante de Gustav Klimt et ses \u0153uvres \u00e9poustouflantes dans cette biographie compl\u00e8te sur Klimt.","og_url":"https:\/\/fr.kunstloft.ch\/magazine\/artiste-au-portrait-gustav-klimt\/","og_site_name":"KUNSTLOFT","article_publisher":"https:\/\/www.facebook.com\/kunstloft.fr\/","article_published_time":"2023-04-09T13:52:39+00:00","article_modified_time":"2023-08-25T12:30:08+00:00","og_image":[{"width":1020,"height":1024,"url":"https:\/\/fr.kunstloft.ch\/magazine\/wp-content\/uploads\/2023\/07\/gustav-klimt-the-kiss-scaled-1-1020x1024.jpeg","type":"image\/jpeg"}],"author":"Ian","twitter_card":"summary_large_image","twitter_misc":{"\u00c9crit par":"Ian","Dur\u00e9e de lecture estim\u00e9e":"5 minutes"},"schema":{"@context":"https:\/\/schema.org","@graph":[{"@type":"Article","@id":"https:\/\/fr.kunstloft.ch\/magazine\/artiste-au-portrait-gustav-klimt\/#article","isPartOf":{"@id":"https:\/\/fr.kunstloft.ch\/magazine\/artiste-au-portrait-gustav-klimt\/"},"author":{"name":"Ian","@id":"https:\/\/fr.kunstloft.ch\/magazine\/#\/schema\/person\/bf242d6f5a840f2d7f90a5f1ec93fe12"},"headline":"Portrait d&rsquo;un artiste: Gustav Klimt","datePublished":"2023-04-09T13:52:39+00:00","dateModified":"2023-08-25T12:30:08+00:00","mainEntityOfPage":{"@id":"https:\/\/fr.kunstloft.ch\/magazine\/artiste-au-portrait-gustav-klimt\/"},"wordCount":715,"publisher":{"@id":"https:\/\/fr.kunstloft.ch\/magazine\/#organization"},"image":{"@id":"https:\/\/fr.kunstloft.ch\/magazine\/artiste-au-portrait-gustav-klimt\/#primaryimage"},"thumbnailUrl":"https:\/\/fr.kunstloft.ch\/magazine\/wp-content\/uploads\/2023\/07\/gustav-klimt-the-kiss-scaled-1.jpeg","articleSection":["Artiste"],"inLanguage":"fr-FR"},{"@type":"WebPage","@id":"https:\/\/fr.kunstloft.ch\/magazine\/artiste-au-portrait-gustav-klimt\/","url":"https:\/\/fr.kunstloft.ch\/magazine\/artiste-au-portrait-gustav-klimt\/","name":"Portrait d'un artiste: Gustav Klimt - KUNSTLOFT","isPartOf":{"@id":"https:\/\/fr.kunstloft.ch\/magazine\/#website"},"primaryImageOfPage":{"@id":"https:\/\/fr.kunstloft.ch\/magazine\/artiste-au-portrait-gustav-klimt\/#primaryimage"},"image":{"@id":"https:\/\/fr.kunstloft.ch\/magazine\/artiste-au-portrait-gustav-klimt\/#primaryimage"},"thumbnailUrl":"https:\/\/fr.kunstloft.ch\/magazine\/wp-content\/uploads\/2023\/07\/gustav-klimt-the-kiss-scaled-1.jpeg","datePublished":"2023-04-09T13:52:39+00:00","dateModified":"2023-08-25T12:30:08+00:00","description":"Apprenez-en plus sur la vie fascinante de Gustav Klimt et ses \u0153uvres \u00e9poustouflantes dans cette biographie compl\u00e8te sur Klimt.","breadcrumb":{"@id":"https:\/\/fr.kunstloft.ch\/magazine\/artiste-au-portrait-gustav-klimt\/#breadcrumb"},"inLanguage":"fr-FR","potentialAction":[{"@type":"ReadAction","target":["https:\/\/fr.kunstloft.ch\/magazine\/artiste-au-portrait-gustav-klimt\/"]}]},{"@type":"ImageObject","inLanguage":"fr-FR","@id":"https:\/\/fr.kunstloft.ch\/magazine\/artiste-au-portrait-gustav-klimt\/#primaryimage","url":"https:\/\/fr.kunstloft.ch\/magazine\/wp-content\/uploads\/2023\/07\/gustav-klimt-the-kiss-scaled-1.jpeg","contentUrl":"https:\/\/fr.kunstloft.ch\/magazine\/wp-content\/uploads\/2023\/07\/gustav-klimt-the-kiss-scaled-1.jpeg","width":2551,"height":2560,"caption":"Gustav Klimt (1862\u20131918) The Kiss, 1908, oil and gold on canvas. Autrian Gallery Belvedere, Vienna, Austria."},{"@type":"BreadcrumbList","@id":"https:\/\/fr.kunstloft.ch\/magazine\/artiste-au-portrait-gustav-klimt\/#breadcrumb","itemListElement":[{"@type":"ListItem","position":1,"name":"Home","item":"https:\/\/fr.kunstloft.ch\/magazine\/"},{"@type":"ListItem","position":2,"name":"Portrait d&rsquo;un artiste: Gustav Klimt"}]},{"@type":"WebSite","@id":"https:\/\/fr.kunstloft.ch\/magazine\/#website","url":"https:\/\/fr.kunstloft.ch\/magazine\/","name":"KUNSTLOFT","description":"Magazine","publisher":{"@id":"https:\/\/fr.kunstloft.ch\/magazine\/#organization"},"potentialAction":[{"@type":"SearchAction","target":{"@type":"EntryPoint","urlTemplate":"https:\/\/fr.kunstloft.ch\/magazine\/?s={search_term_string}"},"query-input":{"@type":"PropertyValueSpecification","valueRequired":true,"valueName":"search_term_string"}}],"inLanguage":"fr-FR"},{"@type":"Organization","@id":"https:\/\/fr.kunstloft.ch\/magazine\/#organization","name":"KUNSTLOFT","url":"https:\/\/fr.kunstloft.ch\/magazine\/","logo":{"@type":"ImageObject","inLanguage":"fr-FR","@id":"https:\/\/fr.kunstloft.ch\/magazine\/#\/schema\/logo\/image\/","url":"https:\/\/fr.kunstloft.ch\/wordpress\/fr_FR\/ch\/wp-content\/uploads\/2023\/06\/Logo-Kunstloft-377x377-1.png","contentUrl":"https:\/\/fr.kunstloft.ch\/wordpress\/fr_FR\/ch\/wp-content\/uploads\/2023\/06\/Logo-Kunstloft-377x377-1.png","width":377,"height":377,"caption":"KUNSTLOFT"},"image":{"@id":"https:\/\/fr.kunstloft.ch\/magazine\/#\/schema\/logo\/image\/"},"sameAs":["https:\/\/www.facebook.com\/kunstloft.fr\/","https:\/\/www.instagram.com\/kunstloft\/"]},{"@type":"Person","@id":"https:\/\/fr.kunstloft.ch\/magazine\/#\/schema\/person\/bf242d6f5a840f2d7f90a5f1ec93fe12","name":"Ian","image":{"@type":"ImageObject","inLanguage":"fr-FR","@id":"https:\/\/secure.gravatar.com\/avatar\/72ebd28f1b7e4418a16e686eba4f9a0eda1604015895f5e6f93962646a336425?s=96&d=mm&r=g","url":"https:\/\/secure.gravatar.com\/avatar\/72ebd28f1b7e4418a16e686eba4f9a0eda1604015895f5e6f93962646a336425?s=96&d=mm&r=g","contentUrl":"https:\/\/secure.gravatar.com\/avatar\/72ebd28f1b7e4418a16e686eba4f9a0eda1604015895f5e6f93962646a336425?s=96&d=mm&r=g","caption":"Ian"},"url":"https:\/\/fr.kunstloft.ch\/magazine\/author\/ianc\/"}]}},"_links":{"self":[{"href":"https:\/\/fr.kunstloft.ch\/magazine\/wp-json\/wp\/v2\/posts\/2847","targetHints":{"allow":["GET"]}}],"collection":[{"href":"https:\/\/fr.kunstloft.ch\/magazine\/wp-json\/wp\/v2\/posts"}],"about":[{"href":"https:\/\/fr.kunstloft.ch\/magazine\/wp-json\/wp\/v2\/types\/post"}],"author":[{"embeddable":true,"href":"https:\/\/fr.kunstloft.ch\/magazine\/wp-json\/wp\/v2\/users\/2"}],"replies":[{"embeddable":true,"href":"https:\/\/fr.kunstloft.ch\/magazine\/wp-json\/wp\/v2\/comments?post=2847"}],"version-history":[{"count":5,"href":"https:\/\/fr.kunstloft.ch\/magazine\/wp-json\/wp\/v2\/posts\/2847\/revisions"}],"predecessor-version":[{"id":6514,"href":"https:\/\/fr.kunstloft.ch\/magazine\/wp-json\/wp\/v2\/posts\/2847\/revisions\/6514"}],"wp:featuredmedia":[{"embeddable":true,"href":"https:\/\/fr.kunstloft.ch\/magazine\/wp-json\/wp\/v2\/media\/5698"}],"wp:attachment":[{"href":"https:\/\/fr.kunstloft.ch\/magazine\/wp-json\/wp\/v2\/media?parent=2847"}],"wp:term":[{"taxonomy":"category","embeddable":true,"href":"https:\/\/fr.kunstloft.ch\/magazine\/wp-json\/wp\/v2\/categories?post=2847"},{"taxonomy":"post_tag","embeddable":true,"href":"https:\/\/fr.kunstloft.ch\/magazine\/wp-json\/wp\/v2\/tags?post=2847"}],"curies":[{"name":"wp","href":"https:\/\/api.w.org\/{rel}","templated":true}]}}